{"id":8386,"date":"2024-08-06T12:49:00","date_gmt":"2024-08-06T10:49:00","guid":{"rendered":"https:\/\/piwnespa.com\/zakopane-latnivaloi-osszel-szeptember-oktober-es-november-2024\/"},"modified":"2025-09-01T19:32:23","modified_gmt":"2025-09-01T17:32:23","slug":"zakopane-latnivaloi-osszel-szeptember-oktober-es-november-2024","status":"publish","type":"post","link":"https:\/\/piwnespa.com\/hu\/zakopane-latnivaloi-osszel-szeptember-oktober-es-november-2024\/","title":{"rendered":"Zakopane l\u00e1tnival\u00f3i \u0151sszel: szeptember, okt\u00f3ber \u00e9s november 2024"},"content":{"rendered":"\n<div style=\"height:10px\" aria-hidden=\"true\" class=\"wp-block-spacer\"><\/div>\n\n<p><strong>Egy nyaral\u00e1s vagy hossz\u00fa h\u00e9tv\u00e9ge Zakopan\u00e9ban szeptemberben, okt\u00f3berben \u00e9s novemberben fenomen\u00e1lis lehet. A T\u00e1tra hegys\u00e9gben aranysz\u00edn\u0171 \u0151sz uralkodik, \u00e9s a v\u00e1rosban rengeteg l\u00e1tnival\u00f3 v\u00e1rja a hidegebb napokon, p\u00e9ld\u00e1ul egy meleg\u00edt\u0151 \u00e9s t\u00e1pl\u00e1l\u00f3 s\u00f6rf\u00fcrd\u0151 k\u00f3stol\u00f3val. Ebben a bejegyz\u00e9sben \u00edzel\u00edt\u0151t adunk Zakopane \u0151szi l\u00e1tnival\u00f3ib\u00f3l.  <\/strong><\/p>\n\n<div style=\"height:6px\" aria-hidden=\"true\" class=\"wp-block-spacer\"><\/div>\n\n<div class=\"wp-block-columns is-layout-flex wp-container-core-columns-is-layout-9d6595d7 wp-block-columns-is-layout-flex\">\n<div class=\"wp-block-column is-layout-flow wp-block-column-is-layout-flow\">\n<figure class=\"wp-block-image size-full\"><img loading=\"lazy\" decoding=\"async\" width=\"1024\" height=\"1024\" src=\"https:\/\/piwnespa.com\/wp-content\/uploads\/2025\/08\/1-4.png\" alt=\"Zakopane l&#xE1;tnival&#xF3;i &#x151;sszel\" class=\"wp-image-3953\" srcset=\"https:\/\/piwnespa.com\/wp-content\/uploads\/2025\/08\/1-4.png 1024w, https:\/\/piwnespa.com\/wp-content\/uploads\/2025\/08\/1-4-300x300.png 300w, https:\/\/piwnespa.com\/wp-content\/uploads\/2025\/08\/1-4-150x150.png 150w, https:\/\/piwnespa.com\/wp-content\/uploads\/2025\/08\/1-4-768x768.png 768w, https:\/\/piwnespa.com\/wp-content\/uploads\/2025\/08\/1-4-600x600.png 600w, https:\/\/piwnespa.com\/wp-content\/uploads\/2025\/08\/1-4-100x100.png 100w\" sizes=\"auto, (max-width: 1024px) 100vw, 1024px\" \/><\/figure>\n<\/div>\n\n\n\n<div class=\"wp-block-column is-layout-flow wp-block-column-is-layout-flow\">\n<figure class=\"wp-block-image size-full\"><img loading=\"lazy\" decoding=\"async\" width=\"1024\" height=\"1024\" src=\"https:\/\/piwnespa.com\/wp-content\/uploads\/2025\/08\/2-3.png\" alt=\"Zakopane l&#xE1;tnival&#xF3;i &#x151;sszel\" class=\"wp-image-3955\" srcset=\"https:\/\/piwnespa.com\/wp-content\/uploads\/2025\/08\/2-3.png 1024w, https:\/\/piwnespa.com\/wp-content\/uploads\/2025\/08\/2-3-300x300.png 300w, https:\/\/piwnespa.com\/wp-content\/uploads\/2025\/08\/2-3-150x150.png 150w, https:\/\/piwnespa.com\/wp-content\/uploads\/2025\/08\/2-3-768x768.png 768w, https:\/\/piwnespa.com\/wp-content\/uploads\/2025\/08\/2-3-600x600.png 600w, https:\/\/piwnespa.com\/wp-content\/uploads\/2025\/08\/2-3-100x100.png 100w\" sizes=\"auto, (max-width: 1024px) 100vw, 1024px\" \/><\/figure>\n<\/div>\n<\/div>\n\n<div style=\"height:10px\" aria-hidden=\"true\" class=\"wp-block-spacer\"><\/div>\n\n<h2 class=\"wp-block-heading\">Zakopane \u0151szi l\u00e1tnival\u00f3i<\/h2>\n\n<div style=\"height:10px\" aria-hidden=\"true\" class=\"wp-block-spacer\"><\/div>\n\n<p>Sokan \u00fagy v\u00e9lik, hogy szeptemberben \u00e9s okt\u00f3berben a legszebb a kil\u00e1t\u00e1s a T\u00e1tr\u00e1ban &#8211; az \u00fagynevezett \u0151sz \u00e9s a t\u00e9l csat\u00e1j\u00e1nak l\u00e1tv\u00e1nya.   <strong>A v\u00f6lgyekben s\u00e9t\u00e1lva gy\u00f6ny\u00f6rk\u00f6dhet\u00fcnk a gy\u00f6ny\u00f6r\u0171 \u0151szi sz\u00ednekben. A t\u00e1volban, a hegycs\u00facsokon m\u00e1r l\u00e1thatjuk a t\u00e9l \u00e9rkez\u00e9s\u00e9t hirdet\u0151 feh\u00e9r pelyhet. <\/strong> <strong>November k\u00f6zeledt\u00e9vel a t\u00e1j kiss\u00e9 leh\u0171l, de m\u00e9g mindig gy\u00f6ny\u00f6r\u0171 \u00e9s fenomen\u00e1lis.<\/strong>  Az \u0151szi zakopanei kir\u00e1ndul\u00e1sok el\u0151nye a nyugalom \u00e9s a csend. Ny\u00e1ron \u00e9s t\u00e9len t\u00f6bb ezer ember halad \u00e1t a T\u00e1tra f\u0151v\u00e1ros\u00e1n. Gyakran tapasztalhat\u00f3 zs\u00fafolts\u00e1g, ami megnehez\u00edti a pihen\u00e9st. \u0150sszel ez m\u00e1sk\u00e9pp van. K\u00fcl\u00f6n\u00f6sen a h\u00e9t k\u00f6zep\u00e9n sokkal csendesebb a v\u00e1rosban \u00e9s az \u00f6sv\u00e9nyeken. Ilyenkor elcsendesedhet \u00e9s pihenhet. K\u00f6zelebb ker\u00fclhetsz a term\u00e9szethez, \u00e9s val\u00f3ban kiszakadhatsz a mindennapokb\u00f3l. Haszn\u00e1lja ki Zakopane egyed\u00fcl\u00e1ll\u00f3 l\u00e1tnival\u00f3it sorban \u00e1ll\u00e1s n\u00e9lk\u00fcl \u00e9s gyakran sokkal alacsonyabb \u00e1ron, mint a f\u0151szezonban.       <\/p>\n\n<div style=\"height:20px\" aria-hidden=\"true\" class=\"wp-block-spacer\"><\/div>\n\n<div class=\"wp-block-columns is-layout-flex wp-container-core-columns-is-layout-9d6595d7 wp-block-columns-is-layout-flex\">\n<div class=\"wp-block-column is-layout-flow wp-block-column-is-layout-flow\">\n<figure class=\"wp-block-image size-full\"><img loading=\"lazy\" decoding=\"async\" width=\"1024\" height=\"683\" src=\"https:\/\/piwnespa.com\/wp-content\/uploads\/2025\/08\/3-4.jpg\" alt=\"Zakopane l&#xE1;tnival&#xF3;i &#x151;sszel\" class=\"wp-image-3956\" srcset=\"https:\/\/piwnespa.com\/wp-content\/uploads\/2025\/08\/3-4.jpg 1024w, https:\/\/piwnespa.com\/wp-content\/uploads\/2025\/08\/3-4-300x200.jpg 300w, https:\/\/piwnespa.com\/wp-content\/uploads\/2025\/08\/3-4-768x512.jpg 768w, https:\/\/piwnespa.com\/wp-content\/uploads\/2025\/08\/3-4-600x400.jpg 600w\" sizes=\"auto, (max-width: 1024px) 100vw, 1024px\" \/><\/figure>\n<\/div>\n\n\n\n<div class=\"wp-block-column is-layout-flow wp-block-column-is-layout-flow\">\n<div style=\"height:30px\" aria-hidden=\"true\" class=\"wp-block-spacer\"><\/div>\n\n\n\n<div style=\"height:20px\" aria-hidden=\"true\" class=\"wp-block-spacer\"><\/div>\n\n\n\n<h2 class=\"wp-block-heading\">\u0150szi t\u00fara a V\u00f6r\u00f6s Cs\u00facsokhoz<\/h2>\n\n\n\n<div style=\"height:10px\" aria-hidden=\"true\" class=\"wp-block-spacer\"><\/div>\n\n\n\n<p>Szeptemberben, okt\u00f3berben \u00e9s novemberben sem lesz hi\u00e1ny naps\u00fct\u00e9ses \u00e9s meleg napokb\u00f3l.<a href=\"https:\/\/www.tatry-przewodnik.com.pl\/blog\/?jesien-w-tatrach\" target=\"_blank\" rel=\"noopener\">Ez egy fenomen\u00e1lis id\u0151szak a hegyi t\u00far\u00e1z\u00e1shoz.<\/a> Ne feledje azonban, hogy ebben az \u00e9vszakban a cs\u00facsokon m\u00e1r t\u00e9li k\u00f6r\u00fclm\u00e9nyek uralkodhatnak. Miel\u0151tt elindul a hegyekbe, mindenk\u00e9ppen ellen\u0151rizze az id\u0151j\u00e1r\u00e1st, \u00e9s k\u00e9sz\u00fclj\u00f6n fel az el\u0151rejelz\u00e9sek k\u00f6vet\u00e9s\u00e9vel.   <\/p>\n\n\n\n<div style=\"height:20px\" aria-hidden=\"true\" class=\"wp-block-spacer\"><\/div>\n<\/div>\n<\/div>\n\n<p><strong>\u0150sszel a Nyugati-T\u00e1tr\u00e1ba, k\u00fcl\u00f6n\u00f6sen a V\u00f6r\u00f6s Cs\u00facsokhoz aj\u00e1nljuk a kir\u00e1ndul\u00e1st.<\/strong>  A hegys\u00e9g 4 cs\u00facsb\u00f3l \u00e1ll: Ciemniak, Krzesanica, Ma\u0142o\u0142\u0105czniak \u00e9s Kopa Kondracka. A hegyi turizmus amat\u0151rjeinek egy cs\u00facsot aj\u00e1nlunk, a halad\u00f3bb hegym\u00e1sz\u00f3knak pedig egy cs\u00facsot. Javasoljuk, hogy az \u00f6sszes cs\u00facsot egy nap alatt j\u00e1rj\u00e1k be. Egy ilyen t\u00fara meglehet\u0151sen hossz\u00fa \u00e9s f\u00e1raszt\u00f3, de meg\u00e9ri az \u00e1ldozatot. A Czerwone Wierchy (V\u00f6r\u00f6s Cs\u00facsok) cs\u00facsai gy\u00f6ny\u00f6r\u0171 panor\u00e1m\u00e1t ny\u00fajtanak a Nyugati-, a Magas- \u00e9s a Szlov\u00e1k T\u00e1tr\u00e1ra. K\u00fcl\u00f6n\u00f6sen sz\u00e9p itt \u0151sszel, amikor a lejt\u0151k v\u00f6r\u00f6ses sz\u00ednbe borulnak (innen a massz\u00edvum neve). Ez egy n\u00f6v\u00e9nynek, a sit skucina-nak k\u00f6sz\u00f6nhet\u0151, amely \u00e9ppen \u0151sszel veszi fel a rozsd\u00e1s sz\u00ednt.      <\/p>\n\n<div style=\"height:50px\" aria-hidden=\"true\" class=\"wp-block-spacer\"><\/div>\n\n<h2 class=\"wp-block-heading\">L\u00e1tnival\u00f3k est\u00e9re &#8211; S\u00f6rf\u00fcrd\u0151 Zakopan\u00e9ban<\/h2>\n\n<div style=\"height:10px\" aria-hidden=\"true\" class=\"wp-block-spacer\"><\/div>\n\n<p>A hegyekben t\u00f6lt\u00f6tt akt\u00edv nap ut\u00e1n a testnek \u00e9s a l\u00e9leknek is jutalmat kell kapnia &#8211; itt az ideje, hogy ell\u00e1togasson a Beernarium s\u00f6rf\u00fcrd\u0151be Zakopan\u00e9ban. Ez az egyed\u00fcl\u00e1ll\u00f3 l\u00e1tv\u00e1nyoss\u00e1g k\u00f6zvetlen\u00fcl a Krup\u00f3wki &#8211; Zamoyskiego utca 8. sz\u00e1m mellett tal\u00e1lhat\u00f3.    <strong>A s\u00f6rf\u00fcrd\u0151k f\u00e9lhom\u00e1lyosak, nagyon hangulatosak, csendesek, b\u00e9k\u00e9sek \u00e9s meghittek.<\/strong>  A kezel\u00e9seket meghitt l\u00e9gk\u00f6r \u00e9s pihentet\u0151 zene k\u00eds\u00e9ri. A Beernarium megl\u00e1togat\u00e1sa nagyszer\u0171 l\u00e1tv\u00e1nyoss\u00e1g egy \u0151szi est\u00e9re, t\u00f6k\u00e9letes m\u00f3dja a kikapcsol\u00f3d\u00e1snak \u00e9s a pihen\u00e9snek. <\/p>\n\n<p>A Beer Spa Zakopan\u00e9ban t\u00e1pl\u00e1l\u00f3 f\u00fcrd\u0151ket, pihentet\u0151 massz\u00e1zsokat \u00e9s day spa csomagokat k\u00edn\u00e1l.  <strong>A f\u00fcrd\u0151 f\u0151 attrakci\u00f3ja a s\u00f6rf\u00fcrd\u0151. A kezel\u00e9s a koml\u00f3, a mal\u00e1ta \u00e9s az \u00e9leszt\u0151 j\u00f3t\u00e9kony tulajdons\u00e1gait haszn\u00e1lja. <\/strong>  Kiv\u00e1l\u00f3an alkalmas a b\u0151r hidrat\u00e1l\u00e1s\u00e1ra \u00e9s t\u00e1pl\u00e1l\u00e1s\u00e1ra, a fesz\u00fclt izmok ellaz\u00edt\u00e1s\u00e1ra \u00e9s az eg\u00e9sz test ellaz\u00edt\u00e1s\u00e1ra. Az \u00e9lm\u00e9nyt a hagyom\u00e1nyos recept szerint f\u0151z\u00f6tt aranyl\u00f3 italok k\u00f3stol\u00e1sa k\u00eds\u00e9ri. A f\u00fcrd\u0151 ut\u00e1n zabszalma\u00e1gyon pihentet\u0151 pihen\u00e9s k\u00f6vetkezik. Az eg\u00e9sz proced\u00fara hat\u00e1s\u00e1ra a teste ellazul \u00e9s ellazul, \u00e9s igaz\u00e1n boldognak \u00e9rzi mag\u00e1t.    <\/p>\n\n<div style=\"height:10px\" aria-hidden=\"true\" class=\"wp-block-spacer\"><\/div>\n\n<div class=\"wp-block-columns is-layout-flex wp-container-core-columns-is-layout-9d6595d7 wp-block-columns-is-layout-flex\">\n<div class=\"wp-block-column is-layout-flow wp-block-column-is-layout-flow\">\n<figure class=\"wp-block-image size-full\"><img loading=\"lazy\" decoding=\"async\" width=\"1024\" height=\"1024\" src=\"https:\/\/piwnespa.com\/wp-content\/uploads\/2025\/08\/3-1.jpeg\" alt=\"Zakopane l&#xE1;tnival&#xF3;i &#x151;sszel\" class=\"wp-image-3957\" srcset=\"https:\/\/piwnespa.com\/wp-content\/uploads\/2025\/08\/3-1.jpeg 1024w, https:\/\/piwnespa.com\/wp-content\/uploads\/2025\/08\/3-1-300x300.jpeg 300w, https:\/\/piwnespa.com\/wp-content\/uploads\/2025\/08\/3-1-150x150.jpeg 150w, https:\/\/piwnespa.com\/wp-content\/uploads\/2025\/08\/3-1-768x768.jpeg 768w, https:\/\/piwnespa.com\/wp-content\/uploads\/2025\/08\/3-1-600x600.jpeg 600w, https:\/\/piwnespa.com\/wp-content\/uploads\/2025\/08\/3-1-100x100.jpeg 100w\" sizes=\"auto, (max-width: 1024px) 100vw, 1024px\" \/><\/figure>\n<\/div>\n\n\n\n<div class=\"wp-block-column is-layout-flow wp-block-column-is-layout-flow\">\n<figure class=\"wp-block-image size-full\"><img loading=\"lazy\" decoding=\"async\" width=\"1024\" height=\"1024\" src=\"https:\/\/piwnespa.com\/wp-content\/uploads\/2025\/08\/5.jpeg\" alt=\"Zakopane l&#xE1;tnival&#xF3;i &#x151;sszel\" class=\"wp-image-3958\" srcset=\"https:\/\/piwnespa.com\/wp-content\/uploads\/2025\/08\/5.jpeg 1024w, https:\/\/piwnespa.com\/wp-content\/uploads\/2025\/08\/5-300x300.jpeg 300w, https:\/\/piwnespa.com\/wp-content\/uploads\/2025\/08\/5-150x150.jpeg 150w, https:\/\/piwnespa.com\/wp-content\/uploads\/2025\/08\/5-768x768.jpeg 768w, https:\/\/piwnespa.com\/wp-content\/uploads\/2025\/08\/5-600x600.jpeg 600w, https:\/\/piwnespa.com\/wp-content\/uploads\/2025\/08\/5-100x100.jpeg 100w\" sizes=\"auto, (max-width: 1024px) 100vw, 1024px\" \/><\/figure>\n<\/div>\n<\/div>\n\n<div style=\"height:40px\" aria-hidden=\"true\" class=\"wp-block-spacer\"><\/div>\n\n<div class=\"wp-block-buttons is-content-justification-center is-layout-flex wp-container-core-buttons-is-layout-16018d1d wp-block-buttons-is-layout-flex\">\n<div class=\"wp-block-button\"><a class=\"wp-block-button__link has-text-align-center wp-element-button\" href=\"https:\/\/piwnespa.com\/oferta\/\">Tekintse meg a Beer Spa aj\u00e1nlat\u00e1t<\/a><\/div>\n<\/div>\n\n<div style=\"height:60px\" aria-hidden=\"true\" class=\"wp-block-spacer\"><\/div>\n\n<h2 class=\"wp-block-heading\">Mit sz\u00f3lna egy hossz\u00fa h\u00e9tv\u00e9g\u00e9hez november 9-11-\u00e9n Zakopan\u00e9ban?<\/h2>\n\n<div style=\"height:10px\" aria-hidden=\"true\" class=\"wp-block-spacer\"><\/div>\n\n<p>Ha valamilyen okn\u00e1l fogva nem tud a h\u00e9t k\u00f6zep\u00e9n Zakopan\u00e9ba l\u00e1togatni, haszn\u00e1lja ki a novemberi hossz\u00fa h\u00e9tv\u00e9g\u00e9t. November 11-e id\u00e9n h\u00e9tf\u0151re esik. A nemzeti f\u00fcggetlens\u00e9g napja, a k\u00f6znyelvi \u00fcnnep ide\u00e1lis alkalom arra, hogy n\u00e9h\u00e1ny napot Zakopan\u00e9ban t\u00f6lts\u00f6n. A hossz\u00fa h\u00e9tv\u00e9g\u00e9n, november 9. \u00e9s 11. k\u00f6z\u00f6tt a Beernarium minden nap nyitva tart, \u00e9s sz\u00edv\u00e9lyesen megh\u00edvja \u00d6nt egy s\u00f6rmeleg\u00edt\u0151 \u00e9lm\u00e9nyre.     <\/p>\n\n<div style=\"height:20px\" aria-hidden=\"true\" class=\"wp-block-spacer\"><\/div>\n\n<p><strong>Az ingyenes id\u0151pontok egyre sz\u0171k\u00f6sebbek, ez\u00e9rt ne k\u00e9slekedjen, \u00e9s foglalja le kezel\u00e9s\u00e9t m\u00e9g ma!<\/strong><\/p>\n\n<div style=\"height:25px\" aria-hidden=\"true\" class=\"wp-block-spacer\"><\/div>\n\n<h2 class=\"wp-block-heading has-text-align-center\"><br\/>Aj\u00e1nlott kezel\u00e9sek a Beernarium Beer Spa-ban<\/h2>\n\n<div style=\"height:30px\" aria-hidden=\"true\" class=\"wp-block-spacer\"><\/div>\n<section id=\"brxe-179259\" class=\"brxe-section\"><div id=\"brxe-ab3be7\" class=\"brxe-container\"><div id=\"brxe-6b7d63\" class=\"brxe-div brx-grid\"><div class=\"brxe-4d35f9 brxe-div\" data-query-loop-index=\"0\"><div class=\"brxe-f683bf brxe-div\"><h3 class=\"brxe-425547 brxe-heading\">K\u00fcl\u00f6nleges Day Spa<br><\/h3><div class=\"brxe-dbe699 brxe-div\"><svg class=\"brxe-57e0af brxe-icon\" xmlns=\"http:\/\/www.w3.org\/2000\/svg\" width=\"28\" height=\"27\" viewBox=\"0 0 28 27\" fill=\"none\"><rect x=\"3.39062\" y=\"6.75\" width=\"20.25\" height=\"13.5\" rx=\"2.25\" stroke=\"#FCFAE8\" stroke-width=\"1.5\"><\/rect><path d=\"M5.64062 10.125H9.01562\" stroke=\"#FCFAE8\" stroke-width=\"1.5\" stroke-linecap=\"round\"><\/path><path d=\"M18.0156 16.875H21.3906\" stroke=\"#FCFAE8\" stroke-width=\"1.5\" stroke-linecap=\"round\"><\/path><circle cx=\"13.5156\" cy=\"13.5\" r=\"2.25\" stroke=\"#FCFAE8\" stroke-width=\"1.5\"><\/circle><\/svg><div class=\"brxe-ec76b5 brxe-text-basic\">540 z\u0142-t\u00f3l<\/div><\/div><div class=\"brxe-9f44d4 brxe-text-basic\">Szaun\u00e1z\u00e1s - S\u00f6r- vagy borf\u00fcrd\u0151 - Korl\u00e1tlan s\u00f6rk\u00f3stol\u00e1s - Holisztikus relax\u00e1ci\u00f3s massz\u00e1zs (40 perc\/f\u0151).<\/div>\n    <a data-script-id=\"f7f2ed\" class=\"brxe-84aae9 brxe-ripplebutton bc-ripple-button\" href=\"https:\/\/piwnespa.com\/hu\/gy\u00f3gyf\u00fcrd\u0151-kezel\u00e9s\/kulonleges-day-spa\/\" data-type=\"bc-ripple-button--from-bottom\">\n      <span class='bc-ripple-button__hover-fill'><\/span>\n      <span class='bc-ripple-button__pseudo' data-content='L\u00e1sd'>\n        <span class='bc-ripple-button__text'>\n        L\u00e1sd\n        <\/span>\n      <\/span>\n    <\/a>\n    <\/div><\/div><div class=\"brxe-4d35f9 brxe-div\" data-query-loop-index=\"1\"><div class=\"brxe-f683bf brxe-div\"><h3 class=\"brxe-425547 brxe-heading\">Romantikus f\u00fcrd\u0151<br><\/h3><div class=\"brxe-dbe699 brxe-div\"><svg class=\"brxe-57e0af brxe-icon\" xmlns=\"http:\/\/www.w3.org\/2000\/svg\" width=\"28\" height=\"27\" viewBox=\"0 0 28 27\" fill=\"none\"><rect x=\"3.39062\" y=\"6.75\" width=\"20.25\" height=\"13.5\" rx=\"2.25\" stroke=\"#FCFAE8\" stroke-width=\"1.5\"><\/rect><path d=\"M5.64062 10.125H9.01562\" stroke=\"#FCFAE8\" stroke-width=\"1.5\" stroke-linecap=\"round\"><\/path><path d=\"M18.0156 16.875H21.3906\" stroke=\"#FCFAE8\" stroke-width=\"1.5\" stroke-linecap=\"round\"><\/path><circle cx=\"13.5156\" cy=\"13.5\" r=\"2.25\" stroke=\"#FCFAE8\" stroke-width=\"1.5\"><\/circle><\/svg><div class=\"brxe-ec76b5 brxe-text-basic\">370 z\u0142-t\u00f3l<\/div><\/div><div class=\"brxe-9f44d4 brxe-text-basic\">Szaun\u00e1z\u00e1s - Tejf\u00fcrd\u0151 r\u00f3zsaszirommal - Prosecco (1 \u00fcveg)<\/div>\n    <a data-script-id=\"16213f\" class=\"brxe-84aae9 brxe-ripplebutton bc-ripple-button\" href=\"https:\/\/piwnespa.com\/hu\/gy\u00f3gyf\u00fcrd\u0151-kezel\u00e9s\/romantikus-furdo\/\" data-type=\"bc-ripple-button--from-bottom\">\n      <span class='bc-ripple-button__hover-fill'><\/span>\n      <span class='bc-ripple-button__pseudo' data-content='L\u00e1sd'>\n        <span class='bc-ripple-button__text'>\n        L\u00e1sd\n        <\/span>\n      <\/span>\n    <\/a>\n    <\/div><\/div><div class=\"brxe-4d35f9 brxe-div\" data-query-loop-index=\"2\"><div class=\"brxe-f683bf brxe-div\"><h3 class=\"brxe-425547 brxe-heading\">S\u00f6rf\u00fcrd\u0151<br><\/h3><div class=\"brxe-dbe699 brxe-div\"><svg class=\"brxe-57e0af brxe-icon\" xmlns=\"http:\/\/www.w3.org\/2000\/svg\" width=\"28\" height=\"27\" viewBox=\"0 0 28 27\" fill=\"none\"><rect x=\"3.39062\" y=\"6.75\" width=\"20.25\" height=\"13.5\" rx=\"2.25\" stroke=\"#FCFAE8\" stroke-width=\"1.5\"><\/rect><path d=\"M5.64062 10.125H9.01562\" stroke=\"#FCFAE8\" stroke-width=\"1.5\" stroke-linecap=\"round\"><\/path><path d=\"M18.0156 16.875H21.3906\" stroke=\"#FCFAE8\" stroke-width=\"1.5\" stroke-linecap=\"round\"><\/path><circle cx=\"13.5156\" cy=\"13.5\" r=\"2.25\" stroke=\"#FCFAE8\" stroke-width=\"1.5\"><\/circle><\/svg><div class=\"brxe-ec76b5 brxe-text-basic\">280 z\u0142-t\u00f3l<\/div><\/div><div class=\"brxe-9f44d4 brxe-text-basic\">S\u00f6rf\u00fcrd\u0151 - S\u00f6rk\u00f3stol\u00f3 0,5l\/1 f\u0151. - Pihen\u00e9s a szalmasz\u00e1lon<\/div>\n    <a data-script-id=\"c4acb3\" class=\"brxe-84aae9 brxe-ripplebutton bc-ripple-button\" href=\"https:\/\/piwnespa.com\/hu\/gy\u00f3gyf\u00fcrd\u0151-kezel\u00e9s\/sorfurdo\/\" data-type=\"bc-ripple-button--from-bottom\">\n      <span class='bc-ripple-button__hover-fill'><\/span>\n      <span class='bc-ripple-button__pseudo' data-content='L\u00e1sd'>\n        <span class='bc-ripple-button__text'>\n        L\u00e1sd\n        <\/span>\n      <\/span>\n    <\/a>\n    <\/div><\/div><\/div><\/div><\/section>\n\n<p><a href=\"https:\/\/piwnespa.com\/oferta\/\"><\/a><\/p>\n","protected":false},"excerpt":{"rendered":"<p>Egy nyaral\u00e1s vagy hossz\u00fa h\u00e9tv\u00e9ge Zakopan\u00e9ban szeptemberben, okt\u00f3berben \u00e9s novemberben fenomen\u00e1lis lehet. A T\u00e1tra hegys\u00e9gben aranysz\u00edn\u0171 \u0151sz uralkodik, \u00e9s a v\u00e1rosban rengeteg l\u00e1tnival\u00f3 v\u00e1rja a hidegebb napokon, p\u00e9ld\u00e1ul egy meleg\u00edt\u0151 \u00e9s t\u00e1pl\u00e1l\u00f3 s\u00f6rf\u00fcrd\u0151 k\u00f3stol\u00f3val. Ebben a bejegyz\u00e9sben \u00edzel\u00edt\u0151t adunk Zakopane \u0151szi l\u00e1tnival\u00f3ib\u00f3l. Zakopane \u0151szi l\u00e1tnival\u00f3i Sokan \u00fagy v\u00e9lik, hogy szeptemberben \u00e9s okt\u00f3berben a legszebb a [&hellip;]<\/p>\n","protected":false},"author":3,"featured_media":8387,"comment_status":"open","ping_status":"open","sticky":false,"template":"","format":"standard","meta":{"_acf_changed":false,"footnotes":""},"categories":[1],"tags":[],"class_list":["post-8386","post","type-post","status-publish","format-standard","has-post-thumbnail","hentry","category-bez-kategorii"],"acf":[],"_links":{"self":[{"href":"https:\/\/piwnespa.com\/hu\/wp-json\/wp\/v2\/posts\/8386","targetHints":{"allow":["GET"]}}],"collection":[{"href":"https:\/\/piwnespa.com\/hu\/wp-json\/wp\/v2\/posts"}],"about":[{"href":"https:\/\/piwnespa.com\/hu\/wp-json\/wp\/v2\/types\/post"}],"author":[{"embeddable":true,"href":"https:\/\/piwnespa.com\/hu\/wp-json\/wp\/v2\/users\/3"}],"replies":[{"embeddable":true,"href":"https:\/\/piwnespa.com\/hu\/wp-json\/wp\/v2\/comments?post=8386"}],"version-history":[{"count":1,"href":"https:\/\/piwnespa.com\/hu\/wp-json\/wp\/v2\/posts\/8386\/revisions"}],"predecessor-version":[{"id":8401,"href":"https:\/\/piwnespa.com\/hu\/wp-json\/wp\/v2\/posts\/8386\/revisions\/8401"}],"wp:featuredmedia":[{"embeddable":true,"href":"https:\/\/piwnespa.com\/hu\/wp-json\/wp\/v2\/media\/8387"}],"wp:attachment":[{"href":"https:\/\/piwnespa.com\/hu\/wp-json\/wp\/v2\/media?parent=8386"}],"wp:term":[{"taxonomy":"category","embeddable":true,"href":"https:\/\/piwnespa.com\/hu\/wp-json\/wp\/v2\/categories?post=8386"},{"taxonomy":"post_tag","embeddable":true,"href":"https:\/\/piwnespa.com\/hu\/wp-json\/wp\/v2\/tags?post=8386"}],"curies":[{"name":"wp","href":"https:\/\/api.w.org\/{rel}","templated":true}]}}