{"id":8849,"date":"2023-07-02T08:06:00","date_gmt":"2023-07-02T06:06:00","guid":{"rendered":"https:\/\/piwnespa.com\/tejben-furdes-kleopatra-szepsegtitkai-zakopaneban-is-elerhetoek\/"},"modified":"2025-09-01T19:34:11","modified_gmt":"2025-09-01T17:34:11","slug":"tejben-furdes-kleopatra-szepsegtitkai-zakopaneban-is-elerhetoek","status":"publish","type":"post","link":"https:\/\/piwnespa.com\/hu\/tejben-furdes-kleopatra-szepsegtitkai-zakopaneban-is-elerhetoek\/","title":{"rendered":"Tejben f\u00fcrd\u00e9s &#8211; Kleop\u00e1tra sz\u00e9ps\u00e9gtitkai Zakop\u00e1n\u00e9ban is el\u00e9rhet\u0151ek"},"content":{"rendered":"\n<div style=\"height:10px\" aria-hidden=\"true\" class=\"wp-block-spacer\"><\/div>\n\n<p><strong>M\u00e1r az \u00f3korban is ismert\u00e9k a tejf\u00fcrd\u0151ket Kleop\u00e1tra kir\u00e1lyn\u0151nek k\u00f6sz\u00f6nhet\u0151en. A tejf\u00fcrd\u0151ket m\u00e9g ma is haszn\u00e1lj\u00e1k a b\u0151r t\u00e1pl\u00e1l\u00e1s\u00e1ra \u00e9s hidrat\u00e1l\u00e1s\u00e1ra. A kezel\u00e9st otthon is elk\u00e9sz\u00edtheted magadnak, vagy elmehetsz a zakopanei Beer Spa-ba egy pihentet\u0151 kezel\u00e9sre.  <\/strong><\/p>\n\n<div class=\"wp-block-columns is-layout-flex wp-container-core-columns-is-layout-9d6595d7 wp-block-columns-is-layout-flex\">\n<div class=\"wp-block-column is-layout-flow wp-block-column-is-layout-flow\">\n<figure class=\"wp-block-image size-full\"><img loading=\"lazy\" decoding=\"async\" width=\"576\" height=\"1024\" src=\"https:\/\/piwnespa.com\/wp-content\/uploads\/2025\/08\/1-10.jpg\" alt=\"Tejf&#xFC;rd&#x151;  \" class=\"wp-image-4202\" srcset=\"https:\/\/piwnespa.com\/wp-content\/uploads\/2025\/08\/1-10.jpg 576w, https:\/\/piwnespa.com\/wp-content\/uploads\/2025\/08\/1-10-169x300.jpg 169w\" sizes=\"auto, (max-width: 576px) 100vw, 576px\" \/><\/figure>\n<\/div>\n\n\n\n<div class=\"wp-block-column is-layout-flow wp-block-column-is-layout-flow\">\n<figure class=\"wp-block-image size-full\"><img loading=\"lazy\" decoding=\"async\" width=\"576\" height=\"1024\" src=\"https:\/\/piwnespa.com\/wp-content\/uploads\/2025\/08\/2-10.jpg\" alt=\"Tejf&#xFC;rd&#x151;  \" class=\"wp-image-4203\" srcset=\"https:\/\/piwnespa.com\/wp-content\/uploads\/2025\/08\/2-10.jpg 576w, https:\/\/piwnespa.com\/wp-content\/uploads\/2025\/08\/2-10-169x300.jpg 169w\" sizes=\"auto, (max-width: 576px) 100vw, 576px\" \/><\/figure>\n<\/div>\n<\/div>\n\n<div aria-hidden=\"true\" class=\"wp-block-spacer\"><\/div>\n\n<h2 class=\"wp-block-heading\">Kleop\u00e1tra tejf\u00fcrd\u0151inek t\u00f6rt\u00e9nete<\/h2>\n\n<div style=\"height:15px\" aria-hidden=\"true\" class=\"wp-block-spacer\"><\/div>\n\n<p>A tejf\u00fcrd\u0151k m\u00e1r az \u00f3korban is n\u00e9pszer\u0171ek voltak. Maga Kleop\u00e1tra is rendszeresen haszn\u00e1lt ilyen kezel\u00e9st. A forr\u00e1sok szerint rendk\u00edv\u00fcl ig\u00e9nyes volt.    <strong>A kir\u00e1lyn\u0151 alattval\u00f3it naponta 700 szam\u00e1r tej\u00e9vel l\u00e1tt\u00e1k el, hogy megfelel\u0151 hat\u00e1s\u00fa f\u00fcrd\u0151t k\u00e9sz\u00edthessenek.<\/strong>  Az \u00f3kori egyiptomiak k\u00fcl\u00f6n\u00f6sen nagyra \u00e9rt\u00e9kelt\u00e9k a tejes sz\u00e9ps\u00e9g\u00e1pol\u00e1si kezel\u00e9seket. Nem Kleop\u00e1tra volt az egyetlen rajong\u00f3ja a tejes f\u00fcrd\u0151knek. Az egyiptomi kir\u00e1lyn\u0151h\u00f6z hasonl\u00f3an N\u00e9r\u00f3 cs\u00e1sz\u00e1r feles\u00e9ge, Sabina Poppea is t\u00f6bb sz\u00e1z szam\u00e1r tej\u00e9t haszn\u00e1lta f\u00fcrd\u00e9sre. <a href=\"http:\/\/magia-natury.pl\/osly-kleopatra-i-ja-czyli-o-dzialaniu-oslego-mleka-slow-kilka\/index.html\" target=\"_blank\" rel=\"noopener\">Sisi cs\u00e1sz\u00e1rn\u00e9 \u00e9s Nefretete szint\u00e9n<\/a> tejes kezel\u00e9sekkel t\u00e1mogatta a mindennapi sz\u00e9ps\u00e9g\u00e1pol\u00e1st.   <\/p>\n\n<div style=\"height:10px\" aria-hidden=\"true\" class=\"wp-block-spacer\"><\/div>\n\n<p>Az ilyen f\u00fcrd\u0151k seg\u00edtenek fenntartani a b\u0151r vitalit\u00e1s\u00e1t \u00e9s sz\u00e9ps\u00e9g\u00e9t. Ez\u00e9rt van az, hogy a legn\u00e9pszer\u0171bb kozmetikai c\u00e9gek k\u00f6z\u00fcl ma m\u00e1r sokan kihaszn\u00e1lj\u00e1k a tej j\u00f3t\u00e9kony tulajdons\u00e1gait. <\/p>\n\n<div style=\"height:20px\" aria-hidden=\"true\" class=\"wp-block-spacer\"><\/div>\n\n<h2 class=\"wp-block-heading\">Cleopatra f\u00fcrd\u0151 \u00e1pol\u00f3 tulajdons\u00e1gai<\/h2>\n\n<div style=\"height:15px\" aria-hidden=\"true\" class=\"wp-block-spacer\"><\/div>\n\n<p>A legend\u00e1k szerint Kleop\u00e1tra a tejf\u00fcrd\u0151nek k\u00f6sz\u00f6nhette makul\u00e1tlan sz\u00e9ps\u00e9g\u00e9t \u00e9s t\u00f6k\u00e9letes arcb\u0151r\u00e9t. A tejben val\u00f3 f\u00fcrd\u00e9s pozit\u00edv hat\u00e1ssal van a b\u0151rre, mert: <\/p>\n\n<div style=\"height:10px\" aria-hidden=\"true\" class=\"wp-block-spacer\"><\/div>\n\n<p>&#8211; gyeng\u00e9den h\u00e1mlasztja a felh\u00e1mot,<br\/>&#8211; kiv\u00e1l\u00f3an hidrat\u00e1l \u00e9s sim\u00edt,<br\/>&#8211; \u00e9rt\u00e9kes vitaminokat \u00e9s \u00e1sv\u00e1nyi anyagokat biztos\u00edt,<br\/>&#8211; megakad\u00e1lyozza a b\u0151r kisz\u00e1rad\u00e1s\u00e1t.<\/p>\n\n<div style=\"height:10px\" aria-hidden=\"true\" class=\"wp-block-spacer\"><\/div>\n\n<p>Hasonl\u00f3an a Kleop\u00e1tra kezel\u00e9shez &#8211; otthon is elk\u00e9sz\u00edtheti saj\u00e1t tej alap\u00fa f\u00fcrd\u0151j\u00e9t, vagy ig\u00e9nybe veheti a professzion\u00e1lis gy\u00f3gyf\u00fcrd\u0151 szalonok szolg\u00e1ltat\u00e1sait.<\/p>\n\n<div style=\"height:20px\" aria-hidden=\"true\" class=\"wp-block-spacer\"><\/div>\n\n<div class=\"wp-block-columns is-layout-flex wp-container-core-columns-is-layout-9d6595d7 wp-block-columns-is-layout-flex\">\n<div class=\"wp-block-column is-layout-flow wp-block-column-is-layout-flow\">\n<figure class=\"wp-block-image size-full\"><img loading=\"lazy\" decoding=\"async\" width=\"1024\" height=\"682\" src=\"https:\/\/piwnespa.com\/wp-content\/uploads\/2025\/08\/1-11.jpg\" alt=\"Tejf&#xFC;rd&#x151;  \" class=\"wp-image-4204\" style=\"aspect-ratio:4\/3;object-fit:cover\" srcset=\"https:\/\/piwnespa.com\/wp-content\/uploads\/2025\/08\/1-11.jpg 1024w, https:\/\/piwnespa.com\/wp-content\/uploads\/2025\/08\/1-11-300x200.jpg 300w, https:\/\/piwnespa.com\/wp-content\/uploads\/2025\/08\/1-11-768x512.jpg 768w, https:\/\/piwnespa.com\/wp-content\/uploads\/2025\/08\/1-11-600x400.jpg 600w\" sizes=\"auto, (max-width: 1024px) 100vw, 1024px\" \/><\/figure>\n<\/div>\n\n\n\n<div class=\"wp-block-column is-layout-flow wp-block-column-is-layout-flow\">\n<figure class=\"wp-block-image size-full\"><img loading=\"lazy\" decoding=\"async\" width=\"656\" height=\"499\" src=\"https:\/\/piwnespa.com\/wp-content\/uploads\/2025\/07\/galeria2.jpg\" alt=\"Tejf&#xFC;rd&#x151;  \" class=\"wp-image-1419\" style=\"aspect-ratio:4\/3;object-fit:cover\" srcset=\"https:\/\/piwnespa.com\/wp-content\/uploads\/2025\/07\/galeria2.jpg 656w, https:\/\/piwnespa.com\/wp-content\/uploads\/2025\/07\/galeria2-300x228.jpg 300w, https:\/\/piwnespa.com\/wp-content\/uploads\/2025\/07\/galeria2-600x456.jpg 600w\" sizes=\"auto, (max-width: 656px) 100vw, 656px\" \/><\/figure>\n<\/div>\n<\/div>\n\n<div style=\"height:20px\" aria-hidden=\"true\" class=\"wp-block-spacer\"><\/div>\n\n<h2 class=\"wp-block-heading\">Tejf\u00fcrd\u0151 k\u00e9sz\u00edt\u00e9se otthon \u00e9s a gy\u00f3gyszalonban<\/h2>\n\n<div style=\"height:15px\" aria-hidden=\"true\" class=\"wp-block-spacer\"><\/div>\n\n<p>A tejf\u00fcrd\u0151 elk\u00e9sz\u00edt\u00e9s\u00e9hez meleg\u00edtsen fel 2-3 liter tejet. <strong>Ezenk\u00edv\u00fcl a f\u00fcrd\u0151 t\u00e1pl\u00e1l\u00f3 hat\u00e1s\u00e1nak fokoz\u00e1sa \u00e9rdek\u00e9ben aj\u00e1nlott a tejhez f\u00e9l poh\u00e1r m\u00e9zet adni.<\/strong> Ezt a kever\u00e9ket kell <a href=\"https:\/\/nails.silcare.com\/blog\/nietypowe-kapiele-upiekszajace.html\" target=\"_blank\" rel=\"noopener\">a k\u00e1dban az<\/a> elk\u00e9sz\u00edtett f\u00fcrd\u0151h\u00f6z adni . A tejf\u00fcrd\u0151t gyakran k\u00edn\u00e1lj\u00e1k a sz\u00e9ps\u00e9gszalonok \u00e9s a gy\u00f3gyf\u00fcrd\u0151k is. A zakopanei Beer Spa s\u00f3sav alapon maracujaolajjal kevert por\u00edtott kecsketejet haszn\u00e1l egy ilyen kezel\u00e9s elk\u00e9sz\u00edt\u00e9s\u00e9hez. A kezel\u00e9s t\u00f6bb szakaszra oszlik, \u00e9s \u00edgy nemcsak a b\u0151rt t\u00e1pl\u00e1lja, hanem t\u00f6k\u00e9letesen ellaz\u00edtja az eg\u00e9sz testet is. Egy romantikus, kettesben t\u00f6lt\u00f6tt est\u00e9hez is kiv\u00e1l\u00f3 \u00f6tlet.    <\/p>\n\n<div style=\"height:20px\" aria-hidden=\"true\" class=\"wp-block-spacer\"><\/div>\n\n<h2 class=\"wp-block-heading\">Relax\u00e1l\u00f3 tejf\u00fcrd\u0151 k\u00f3stol\u00f3val Zakopan\u00e9ban<\/h2>\n\n<div style=\"height:15px\" aria-hidden=\"true\" class=\"wp-block-spacer\"><\/div>\n\n<h4 class=\"wp-block-heading\"><strong>VIP tejf\u00fcrd\u0151  <\/strong><\/h4>\n\n<div style=\"height:10px\" aria-hidden=\"true\" class=\"wp-block-spacer\"><\/div>\n\n<p>A pihentet\u0151 ritu\u00e1l\u00e9 az infraszaun\u00e1ban val\u00f3 szaun\u00e1z\u00e1ssal kezd\u0151dik. Az infrasugarak elv\u00e9n m\u0171k\u00f6dik, amelyek megsz\u00fcntetik a f\u00e1radts\u00e1got, a stresszt \u00e9s a fesz\u00fclts\u00e9get. Ezt k\u00f6veti a tejf\u00fcrd\u0151 (a VIP-csomagban s\u00f6r- \u00e9s borf\u00fcrd\u0151 is v\u00e1laszthat\u00f3, att\u00f3l f\u00fcgg\u0151en, hogy \u00d6n mit szeretne). Az optim\u00e1lis f\u00fcrd\u0151z\u00e9si id\u0151 30 perc, amely ut\u00e1n tov\u00e1bbi 30 percig pihenhet a szalma\u00e1gyon. Tov\u00e1bbi b\u00f3nusz a korl\u00e1tlan bor- vagy s\u00f6rk\u00f3stol\u00e1s a kezel\u00e9s alatt.    <\/p>\n\n<div style=\"height:30px\" aria-hidden=\"true\" class=\"wp-block-spacer\"><\/div>\n\n<div class=\"wp-block-buttons is-content-justification-center is-layout-flex wp-container-core-buttons-is-layout-16018d1d wp-block-buttons-is-layout-flex\">\n<div class=\"wp-block-button\"><a class=\"wp-block-button__link has-text-align-center wp-element-button\" href=\"https:\/\/piwnespa.com\/zabieg\/kapiel-vip\/\">VIP f\u00fcrd\u0151<\/a><\/div>\n<\/div>\n\n<div style=\"height:30px\" aria-hidden=\"true\" class=\"wp-block-spacer\"><\/div>\n\n<h4 class=\"wp-block-heading\"><strong>Romantikus tejf\u00fcrd\u0151  <\/strong><\/h4>\n\n<div style=\"height:10px\" aria-hidden=\"true\" class=\"wp-block-spacer\"><\/div>\n\n<p>A m\u00e1sodik, Kleop\u00e1tra f\u00fcrd\u0151i \u00e1ltal ihletett tejf\u00fcrd\u0151 lehet\u0151s\u00e9g a Romantikus f\u00fcrd\u0151. Az el\u0151z\u0151 VIP-f\u00fcrd\u0151h\u00f6z hasonl\u00f3an a kezel\u00e9s itt is az infraszaun\u00e1ban t\u00f6rt\u00e9n\u0151 szaun\u00e1z\u00e1ssal kezd\u0151dik. A szaun\u00e1z\u00e1st egy egyed\u00fcl\u00e1ll\u00f3 tej alap\u00fa f\u00fcrd\u0151re sz\u00e1nt id\u0151 k\u00f6veti. Ez egy nagyszer\u0171 lehet\u0151s\u00e9g egy randev\u00fara, h\u00e1zass\u00e1gi \u00e9vfordul\u00f3ra vagy eljegyz\u00e9sre, mivel a f\u00fcrd\u0151 gy\u00f6ny\u00f6r\u0171 \u00e9s romantikus k\u00f6rnyezetet biztos\u00edt a f\u00fcrd\u0151z\u00e9shez. V\u00f6r\u00f6s r\u00f3zsaszirmok szirmai lebegnek a v\u00edz felsz\u00edn\u00e9n, gyerty\u00e1k \u00e9gnek k\u00f6r\u00fcl\u00f6tte, a h\u00e1tt\u00e9rben pedig nyugodt, pihentet\u0151 zene hallatszik. R\u00e1ad\u00e1sul a f\u00fcrd\u0151z\u00e9s sor\u00e1n a szerelmesp\u00e1r egy \u00fcveg prosecc\u00f3t \u00e9s finom csokol\u00e1d\u00e9t kap k\u00f3stol\u00e1sra.     <\/p>\n\n<div style=\"height:30px\" aria-hidden=\"true\" class=\"wp-block-spacer\"><\/div>\n\n<div class=\"wp-block-buttons is-content-justification-center is-layout-flex wp-container-core-buttons-is-layout-16018d1d wp-block-buttons-is-layout-flex\">\n<div class=\"wp-block-button\"><a class=\"wp-block-button__link has-text-align-center wp-element-button\" href=\"https:\/\/piwnespa.com\/zabieg\/kapiel-romantyczna\/\">Romantikus f\u00fcrd\u0151<\/a><\/div>\n<\/div>\n\n<div style=\"height:30px\" aria-hidden=\"true\" class=\"wp-block-spacer\"><\/div>\n\n<p><a href=\"https:\/\/piwnespa.com\/oferta\/\"><\/a><\/p>\n\n<p><\/p>\n","protected":false},"excerpt":{"rendered":"<p>M\u00e1r az \u00f3korban is ismert\u00e9k a tejf\u00fcrd\u0151ket Kleop\u00e1tra kir\u00e1lyn\u0151nek k\u00f6sz\u00f6nhet\u0151en. A tejf\u00fcrd\u0151ket m\u00e9g ma is haszn\u00e1lj\u00e1k a b\u0151r t\u00e1pl\u00e1l\u00e1s\u00e1ra \u00e9s hidrat\u00e1l\u00e1s\u00e1ra. A kezel\u00e9st otthon is elk\u00e9sz\u00edtheted magadnak, vagy elmehetsz a zakopanei Beer Spa-ba egy pihentet\u0151 kezel\u00e9sre. Kleop\u00e1tra tejf\u00fcrd\u0151inek t\u00f6rt\u00e9nete A tejf\u00fcrd\u0151k m\u00e1r az \u00f3korban is n\u00e9pszer\u0171ek voltak. Maga Kleop\u00e1tra is rendszeresen haszn\u00e1lt ilyen kezel\u00e9st. A [&hellip;]<\/p>\n","protected":false},"author":3,"featured_media":8853,"comment_status":"open","ping_status":"open","sticky":false,"template":"","format":"standard","meta":{"_acf_changed":false,"footnotes":""},"categories":[1],"tags":[],"class_list":["post-8849","post","type-post","status-publish","format-standard","has-post-thumbnail","hentry","category-bez-kategorii"],"acf":[],"_links":{"self":[{"href":"https:\/\/piwnespa.com\/hu\/wp-json\/wp\/v2\/posts\/8849","targetHints":{"allow":["GET"]}}],"collection":[{"href":"https:\/\/piwnespa.com\/hu\/wp-json\/wp\/v2\/posts"}],"about":[{"href":"https:\/\/piwnespa.com\/hu\/wp-json\/wp\/v2\/types\/post"}],"author":[{"embeddable":true,"href":"https:\/\/piwnespa.com\/hu\/wp-json\/wp\/v2\/users\/3"}],"replies":[{"embeddable":true,"href":"https:\/\/piwnespa.com\/hu\/wp-json\/wp\/v2\/comments?post=8849"}],"version-history":[{"count":1,"href":"https:\/\/piwnespa.com\/hu\/wp-json\/wp\/v2\/posts\/8849\/revisions"}],"predecessor-version":[{"id":8854,"href":"https:\/\/piwnespa.com\/hu\/wp-json\/wp\/v2\/posts\/8849\/revisions\/8854"}],"wp:featuredmedia":[{"embeddable":true,"href":"https:\/\/piwnespa.com\/hu\/wp-json\/wp\/v2\/media\/8853"}],"wp:attachment":[{"href":"https:\/\/piwnespa.com\/hu\/wp-json\/wp\/v2\/media?parent=8849"}],"wp:term":[{"taxonomy":"category","embeddable":true,"href":"https:\/\/piwnespa.com\/hu\/wp-json\/wp\/v2\/categories?post=8849"},{"taxonomy":"post_tag","embeddable":true,"href":"https:\/\/piwnespa.com\/hu\/wp-json\/wp\/v2\/tags?post=8849"}],"curies":[{"name":"wp","href":"https:\/\/api.w.org\/{rel}","templated":true}]}}